{"id":101,"date":"2011-08-05T15:16:06","date_gmt":"2011-08-05T12:16:06","guid":{"rendered":"http:\/\/dujanah.com\/fr\/?p=101"},"modified":"2019-04-08T19:28:11","modified_gmt":"2019-04-08T16:28:11","slug":"censure-de-la-chaine-alasr-eutelsat-dement-toute-implication","status":"publish","type":"post","link":"https:\/\/rachad.org\/fr\/?p=101","title":{"rendered":"Censure de la chaine ALASR, Eutelsat d\u00e9ment toute implication"},"content":{"rendered":"\n\t\t\t\t\n<p>A l&#8217;issue du rassemblement organis\u00e9 par le Collectif de soutien \u00e0 la chaine ALASR devant le si\u00e8ge de la si\u00e8ge de la soci\u00e9t\u00e9 Eutelsat \u00e0 Paris, les responsables de cette soci\u00e9t\u00e9 ont remis une lettre aux manifestants leur assurant qu&#8217;Eutelsat n&#8217;a jamais pris la d\u00e9cision de censurer la chaine ALASR ni ordonn\u00e9 \u00e0 qui que ce soit de le faire. Selon Eutelsat, la soci\u00e9t\u00e9 slov\u00e8ne STN (www.stn.eu) est seul responsable de la censure.<\/p>\n\n\n\n<p>Le r\u00e9seau ALASR, auquel participe RachadTV, a annonc\u00e9 prendre acte des affirmations d&#8217;Eutelsat et en a inform\u00e9 Mr. Frank La Rue, Rapporteur sp\u00e9cial&nbsp; des Nations unies&nbsp;sur la promotion et la protection de la libert\u00e9 d&#8217;opinion et d&#8217;expression, auquel ALASR avait soumis une plainte.<\/p>\n\n\n\n<p>RachadTV, tout comme ses partenaires au sein du r\u00e9seau ALASR, sont d\u00e9termin\u00e9s \u00e0 recouvrer leur droit \u00e0 \u00e9mettre et envisagent des poursuites contre les parties impliqu\u00e9es dans la d\u00e9cision abusive et ill\u00e9gale de censurer leur canal.<\/p>\n\n\n\n<p><strong>Rappel&nbsp;:<\/strong>&nbsp;La diffusion du Canal ALASR, r\u00e9seau audiovisuel qui rassemble des organisations de la soci\u00e9t\u00e9 civile, de d\u00e9fense des droits de l\u2019homme, et qui \u0153uvrent pour le changement d\u00e9mocratique dans le monde arabe, a \u00e9t\u00e9 bloqu\u00e9e le 10 juin 2011, une semaine apr\u00e8s son lancement. Cette censure a \u00e9t\u00e9 effectu\u00e9e en catimini, bien \u00e9videment en dehors de toute proc\u00e9dure l\u00e9gale et sans notification \u00e9crite et alors m\u00eame qu&#8217;aucune \u00e9mission n&#8217;avait \u00e9t\u00e9 diffus\u00e9e, seule en effet une mire de test \u00e9tait diffus\u00e9e en boucle.<\/p>\n\n\n\n<p>Pour protester contre cette censure, et suite au silence de la soci\u00e9t\u00e9 Eutelsat malgr\u00e9 les correspondances qui lui \u00e9taient adress\u00e9es et la mise en cause explicite de cette soci\u00e9t\u00e9 par la soci\u00e9t\u00e9 STN, un collectif de soutien \u00e0 ALASR a \u00e9t\u00e9 mis en place et a organis\u00e9 un rassemblement devant le si\u00e8ge d&#8217;Eutelsat le 29 juillet 2011.<\/p>\n\n\n\n<p>Etait pr\u00e9sent un groupe d&#8217;environ 40 manifestants. Il y avait parmi eux&nbsp;: Monsieur Ghani Mahdi, repr\u00e9sentant du canal ALASR, Monsieur Nazim Taleb du Collectif de soutien au Canal ALASR et Pr\u00e9sident de l\u2019association Rachad-Paris, ainsi que Monsieur Fabien&nbsp;Fenoux, porte parole de Radio Kalima. Nous d\u00e9plorons l\u2019absence de couverture m\u00e9diatique bien que les m\u00e9dias ont \u00e9t\u00e9 d\u00fbment inform\u00e9s. Certains d\u2019ailleurs, comme Aljazeera, avaient m\u00eame confirm\u00e9 leur pr\u00e9sence.<\/p>\n\n\n\n<p>Plusieurs personnes se sont pass\u00e9es le m\u00e9gaphone pendant 3 heures pour lancer les slogans, r\u00e9p\u00e9t\u00e9s par la foule en c\u0153ur. Non \u00e0 la Censure&nbsp;! Non \u00e0 la complicit\u00e9 avec les dictateurs arabes et bien d\u2019autres slogans. Le communiqu\u00e9 de presse fut lu par Monsieur Nazim Taleb et&nbsp; il fut distribu\u00e9 ensuite aux passants et aux employ\u00e9s d\u2019Eutelsat Communications qui quittaient les bureaux.<\/p>\n\n\n\n<p>Comme il avait \u00e9t\u00e9 annonc\u00e9 dans les documents envoy\u00e9s aux m\u00e9dias, une lettre devait \u00eatre remise \u00e0 l\u2019issue de ce rassemblement au Directeur g\u00e9n\u00e9ral d\u2019Eutelsat Communications, Monsieur Michel de Rosen. Cette lettre fut remise en mains propres \u00e0 Madame Vanessa O\u2019Connor, Directrice de la Communication d\u2019Eutelsat par Monsieur Ghani Madh.<\/p>\n\n\n\n<p>Ensuite Madame Vanessa O\u2019Connor remit \u00e9galement une lettre au repr\u00e9sentant d\u2019ALASR. Eutelsat y informait ALASR qu&#8217;elle d\u00e9mentait toute implication directe ou indirecte dans la censure et que c&#8217;\u00e9tait la soci\u00e9t\u00e9 STN qui \u00e9tait \u00e0 bl\u00e2mer.<\/p>\n\n\n\n<p>Ces 3 heures de manifestation, qui avaient \u00e9t\u00e9 organis\u00e9es pour exprimer le refus de cette censure et pour soutenir le droit \u00e0 la libert\u00e9 d\u2019expression et le droit des peuples \u00e0 l\u2019information, se sont d\u00e9roul\u00e9es dans une ambiance conviviale et activiste. Les militants et manifestants, tr\u00e8s motiv\u00e9s, sont repartis sereins et d\u00e9termin\u00e9s de poursuivre le combat jusqu\u2019\u00e0 ce que le Canal ALASR recouvre son droit \u00e0 diffuser librement.<\/p>\n\t\t","protected":false},"excerpt":{"rendered":"<p>A l&#8217;issue du rassemblement organis\u00e9 par le Collectif de soutien \u00e0 la chaine ALASR devant le si\u00e8ge de la si\u00e8ge de la soci\u00e9t\u00e9 Eutelsat \u00e0 Paris, les responsables de cette soci\u00e9t\u00e9 ont remis une lettre aux manifestants leur assurant qu&#8217;Eutelsat n&#8217;a jamais pris la d\u00e9cision de censurer la chaine ALASR ni ordonn\u00e9 \u00e0 qui que [&hellip;]<\/p>\n","protected":false},"author":1,"featured_media":0,"comment_status":"closed","ping_status":"closed","sticky":false,"template":"","format":"standard","meta":{"footnotes":""},"categories":[2],"tags":[],"class_list":["post-101","post","type-post","status-publish","format-standard","hentry","category-communiques"],"_links":{"self":[{"href":"https:\/\/rachad.org\/fr\/index.php?rest_route=\/wp\/v2\/posts\/101","targetHints":{"allow":["GET"]}}],"collection":[{"href":"https:\/\/rachad.org\/fr\/index.php?rest_route=\/wp\/v2\/posts"}],"about":[{"href":"https:\/\/rachad.org\/fr\/index.php?rest_route=\/wp\/v2\/types\/post"}],"author":[{"embeddable":true,"href":"https:\/\/rachad.org\/fr\/index.php?rest_route=\/wp\/v2\/users\/1"}],"replies":[{"embeddable":true,"href":"https:\/\/rachad.org\/fr\/index.php?rest_route=%2Fwp%2Fv2%2Fcomments&post=101"}],"version-history":[{"count":0,"href":"https:\/\/rachad.org\/fr\/index.php?rest_route=\/wp\/v2\/posts\/101\/revisions"}],"wp:attachment":[{"href":"https:\/\/rachad.org\/fr\/index.php?rest_route=%2Fwp%2Fv2%2Fmedia&parent=101"}],"wp:term":[{"taxonomy":"category","embeddable":true,"href":"https:\/\/rachad.org\/fr\/index.php?rest_route=%2Fwp%2Fv2%2Fcategories&post=101"},{"taxonomy":"post_tag","embeddable":true,"href":"https:\/\/rachad.org\/fr\/index.php?rest_route=%2Fwp%2Fv2%2Ftags&post=101"}],"curies":[{"name":"wp","href":"https:\/\/api.w.org\/{rel}","templated":true}]}}