{"id":1847,"date":"2021-02-26T00:00:00","date_gmt":"2021-02-25T21:00:00","guid":{"rendered":"https:\/\/rachad.org\/fr\/?p=1847"},"modified":"2021-03-02T22:26:44","modified_gmt":"2021-03-02T19:26:44","slug":"infolettre-plateforme-janvier-fevrier-2021","status":"publish","type":"post","link":"https:\/\/rachad.org\/fr\/?p=1847","title":{"rendered":"Infolettre Plateforme \u2013 Janvier &#8211; F\u00e9vrier 2021"},"content":{"rendered":"\n<p>\u00c9ditorial<\/p>\n\n\n\n<p>La fin de l\u2019ann\u00e9e \u00e9coul\u00e9e et le d\u00e9but de cette nouvelle ann\u00e9e furent mouvement\u00e9s. D\u2019abord par l\u2019interruption du s\u00e9jour m\u00e9dical de Tebboune et son retour forc\u00e9 pour promulguer, in extremis, la loi de finance 2021 et la nouvelle constitution. Ensuite, par la relaxation attendue du g\u00e9n\u00e9ral Mohamed Medi\u00e8ne, dit Toufik, qui a choqu\u00e9 une partie de l\u2019opinion publique, en particulier celle qui fut cr\u00e9dule \u00e0 la propagande \u00ab novem- bro-badissiste \u00bb de Gaid Salah.<\/p>\n\n\n\n<p>La relaxation de Toufik est venue culminer une 2\u00e8me vague d\u2019attaques sournoises contre le mouvement Rachad. Le r\u00e9gime militaire alg\u00e9rien qui se nourrit des divisions n\u2019a jamais accept\u00e9, et ne pardonnera jamais, le discours f\u00e9d\u00e9rateur de Rachad et son refus d\u2019entrer dans des querelles intestines et dans des luttes p\u00e9riph\u00e9riques.<\/p>\n\n\n\n<p>La campagne \u00ab !\u0644\u0644\u062a\u062e\u0648\u064a\u0646 \u0644\u0627 \u00bb (Non aux accusations de tra\u00eetrise !), qui semblait cibler exclusivement le mouvement Rachad, alors que notre mouvement n\u2019a jamais trait\u00e9 un concitoyen de traitre, a r\u00e9ussi de r\u00e9unir, en plus de concitoyens sinc\u00e8res, les extr\u00e9mistes novembro-ba- dissistes et les extr\u00e9mistes la\u00efcistes. Les premiers appelaient jadis, sous le contr\u00f4le et la protection de Gaid Salah, au nettoyage ethnique de nos concitoyens kabyles trait\u00e9s de \u00abzouaves\u00bb. Les seconds qui se sont r\u00e9v\u00e9l\u00e9s avec le retour de Toufik, appellent ouvertement \u00e0 la division du hirak et \u00e0 l\u2019\u00e9radication d\u2019une partie du peuple alg\u00e9rien.<\/p>\n\n\n\n<p>Nous luttons avec deux outils : unit\u00e9 et non-violence. Nous n\u2019avons qu\u2019un seul projet : Etat civil et non militaire. Rien ne viendra embrouiller notre vision strat\u00e9gique, pas m\u00eame les campagnes r\u00e9p\u00e9t\u00e9es de propagande diffamatoire. Seuls le peuple et l\u2019histoire jugeront notre action qui vise la dignit\u00e9 et l\u2019\u00e9panouissement de nos concitoyens<\/p>\n\n\n\n<p><a href=\"https:\/\/rachad.org\/fr\/wp-content\/uploads\/sites\/2\/2021\/03\/plateforme_january_february_2021.pdf\">https:\/\/rachad.org\/fr\/wp-content\/uploads\/sites\/2\/2021\/03\/plateforme_january_february_2021.pdf<\/a><\/p>\n","protected":false},"excerpt":{"rendered":"<p>\u00c9ditorial La fin de l\u2019ann\u00e9e \u00e9coul\u00e9e et le d\u00e9but de cette nouvelle ann\u00e9e furent mouvement\u00e9s. D\u2019abord par l\u2019interruption du s\u00e9jour m\u00e9dical de Tebboune et son retour forc\u00e9 pour promulguer, in extremis, la loi de finance 2021 et la nouvelle constitution. Ensuite, par la relaxation attendue du g\u00e9n\u00e9ral Mohamed Medi\u00e8ne, dit Toufik, qui a choqu\u00e9 une [&hellip;]<\/p>\n","protected":false},"author":1,"featured_media":1843,"comment_status":"closed","ping_status":"closed","sticky":false,"template":"","format":"standard","meta":{"footnotes":""},"categories":[4,5],"tags":[],"class_list":["post-1847","post","type-post","status-publish","format-standard","has-post-thumbnail","hentry","category-documents","category-unite-detudes"],"_links":{"self":[{"href":"https:\/\/rachad.org\/fr\/index.php?rest_route=\/wp\/v2\/posts\/1847","targetHints":{"allow":["GET"]}}],"collection":[{"href":"https:\/\/rachad.org\/fr\/index.php?rest_route=\/wp\/v2\/posts"}],"about":[{"href":"https:\/\/rachad.org\/fr\/index.php?rest_route=\/wp\/v2\/types\/post"}],"author":[{"embeddable":true,"href":"https:\/\/rachad.org\/fr\/index.php?rest_route=\/wp\/v2\/users\/1"}],"replies":[{"embeddable":true,"href":"https:\/\/rachad.org\/fr\/index.php?rest_route=%2Fwp%2Fv2%2Fcomments&post=1847"}],"version-history":[{"count":1,"href":"https:\/\/rachad.org\/fr\/index.php?rest_route=\/wp\/v2\/posts\/1847\/revisions"}],"predecessor-version":[{"id":1849,"href":"https:\/\/rachad.org\/fr\/index.php?rest_route=\/wp\/v2\/posts\/1847\/revisions\/1849"}],"wp:featuredmedia":[{"embeddable":true,"href":"https:\/\/rachad.org\/fr\/index.php?rest_route=\/wp\/v2\/media\/1843"}],"wp:attachment":[{"href":"https:\/\/rachad.org\/fr\/index.php?rest_route=%2Fwp%2Fv2%2Fmedia&parent=1847"}],"wp:term":[{"taxonomy":"category","embeddable":true,"href":"https:\/\/rachad.org\/fr\/index.php?rest_route=%2Fwp%2Fv2%2Fcategories&post=1847"},{"taxonomy":"post_tag","embeddable":true,"href":"https:\/\/rachad.org\/fr\/index.php?rest_route=%2Fwp%2Fv2%2Ftags&post=1847"}],"curies":[{"name":"wp","href":"https:\/\/api.w.org\/{rel}","templated":true}]}}