{"id":192,"date":"2007-10-31T16:25:58","date_gmt":"2007-10-31T13:25:58","guid":{"rendered":"http:\/\/dujanah.com\/fr\/?p=192"},"modified":"2019-04-08T19:28:13","modified_gmt":"2019-04-08T16:28:13","slug":"affaire-samraoui-mise-a-jour-du-31-octobre-2007","status":"publish","type":"post","link":"https:\/\/rachad.org\/fr\/?p=192","title":{"rendered":"Affaire Samraoui : mise \u00e0 jour du 31 octobre 2007"},"content":{"rendered":"\n\t\t\t\t\n<p>M. Mohamed Samraoui a \u00e9t\u00e9 lib\u00e9r\u00e9 aujourd&#8217;hui suite \u00e0 une d\u00e9cision prise par le juge Ismael Moreno de l&#8217;Audience Nationale espagnole.<\/p>\n\n\n\n<p>M. Samraoui restera cependant en Espagne \u00e0 la disposition de la justice espagnole qui a demand\u00e9 aux autorit\u00e9s d&#8217;Alger, avant de se prononcer d\u00e9finitivement, de lui faire parvenir dans les meilleurs d\u00e9lais les \u00e9l\u00e9ments qui corroborent leurs accusations.Il est notoire que le r\u00e9gime d&#8217;Alger qui utilise Interpol pour harceler ses opposants ne donne jamais suite aux demandes des juges saisis des dossiers d&#8217;extradition pour la simple raison que les accusations rel\u00e8vent syst\u00e9matiquement de la fabulation.<\/p>\n\n\n\n<p>A la veille de la comm\u00e9moration de la glorieuse r\u00e9volution alg\u00e9rienne, Rachad se f\u00e9licite de cette lib\u00e9ration et constate que les manoeuvres de la part du pouvoir d&#8217;Alger ne font en d\u00e9finitive que le discr\u00e9diter encore plus.<\/p>\n\n\n\n<p>Secr\u00e9tariat de Rachad<\/p>\n\t\t","protected":false},"excerpt":{"rendered":"<p>M. Mohamed Samraoui a \u00e9t\u00e9 lib\u00e9r\u00e9 aujourd&#8217;hui suite \u00e0 une d\u00e9cision prise par le juge Ismael Moreno de l&#8217;Audience Nationale espagnole. M. Samraoui restera cependant en Espagne \u00e0 la disposition de la justice espagnole qui a demand\u00e9 aux autorit\u00e9s d&#8217;Alger, avant de se prononcer d\u00e9finitivement, de lui faire parvenir dans les meilleurs d\u00e9lais les \u00e9l\u00e9ments [&hellip;]<\/p>\n","protected":false},"author":1,"featured_media":0,"comment_status":"closed","ping_status":"closed","sticky":false,"template":"","format":"standard","meta":{"footnotes":""},"categories":[2],"tags":[],"class_list":["post-192","post","type-post","status-publish","format-standard","hentry","category-communiques"],"_links":{"self":[{"href":"https:\/\/rachad.org\/fr\/index.php?rest_route=\/wp\/v2\/posts\/192","targetHints":{"allow":["GET"]}}],"collection":[{"href":"https:\/\/rachad.org\/fr\/index.php?rest_route=\/wp\/v2\/posts"}],"about":[{"href":"https:\/\/rachad.org\/fr\/index.php?rest_route=\/wp\/v2\/types\/post"}],"author":[{"embeddable":true,"href":"https:\/\/rachad.org\/fr\/index.php?rest_route=\/wp\/v2\/users\/1"}],"replies":[{"embeddable":true,"href":"https:\/\/rachad.org\/fr\/index.php?rest_route=%2Fwp%2Fv2%2Fcomments&post=192"}],"version-history":[{"count":0,"href":"https:\/\/rachad.org\/fr\/index.php?rest_route=\/wp\/v2\/posts\/192\/revisions"}],"wp:attachment":[{"href":"https:\/\/rachad.org\/fr\/index.php?rest_route=%2Fwp%2Fv2%2Fmedia&parent=192"}],"wp:term":[{"taxonomy":"category","embeddable":true,"href":"https:\/\/rachad.org\/fr\/index.php?rest_route=%2Fwp%2Fv2%2Fcategories&post=192"},{"taxonomy":"post_tag","embeddable":true,"href":"https:\/\/rachad.org\/fr\/index.php?rest_route=%2Fwp%2Fv2%2Ftags&post=192"}],"curies":[{"name":"wp","href":"https:\/\/api.w.org\/{rel}","templated":true}]}}