{"id":2002,"date":"2024-12-09T02:12:22","date_gmt":"2024-12-08T23:12:22","guid":{"rendered":"https:\/\/rachad.org\/fr\/?p=2002"},"modified":"2024-12-11T02:17:15","modified_gmt":"2024-12-10T23:17:15","slug":"communique-de-felicitations-au-peuple-syrien","status":"publish","type":"post","link":"https:\/\/rachad.org\/fr\/?p=2002","title":{"rendered":"Communiqu\u00e9 de f\u00e9licitations au Peuple syrien"},"content":{"rendered":"\n<p>Hier, le r\u00e9gime criminel en Syrie est tomb\u00e9, pr\u00e9c\u00e9d\u00e9 de la fuite d\u2019 Al-Assad, apr\u00e8s avoir mis sous s\u00e9questre tout un Pays et pris sa destin\u00e9e, pendant pr\u00e8s d\u2019un sombre quart de si\u00e8cle d\u2019injustice et de tyrannie implacable, sur les pas de son d\u00e9funt p\u00e8re criminel, produit d\u2019une suite de coups d\u2019\u00c9tat militaires.<\/p>\n\n\n\n<p>En cette heureuse occasion, Le Mouvement Rachad f\u00e9licite le peuple syrien, de s&#8217;\u00eatre d\u00e9barrass\u00e9 du r\u00e9gime autoritaire corrompu et d&#8217;avoir tourn\u00e9 une page triste et sombre de son histoire contemporaine, durant laquelle tant de potentialit\u00e9s et de capacit\u00e9s syriennes ont \u00e9t\u00e9 dilapid\u00e9es, et d\u2019occasions rat\u00e9es, et par cette m\u00eame occasion Rachad appelle l\u2019ensemble des syriens b\u00e2tir la Syrie d\u2019aujourd\u2019hui autour de l&#8217;unit\u00e9 dans le cadre de la diversit\u00e9, et ainsi \u00e9crire une nouvelle page lumineuse, dans l&#8217;histoire de la Syrie.<\/p>\n\n\n\n<p>Nul doute que la phase de transition \u00e0 venir sera difficile pleines d\u2019emb\u00fbches, en raison des nombreux d\u00e9fis qu\u2019elle pr\u00e9sente, allant de la gestion de l\u2019h\u00e9ritage du pass\u00e9, en passant par la satisfaction des besoins pr\u00e9sents imp\u00e9rieux et jusqu\u2019\u00e0 l\u2019\u00e9dification de l\u2019\u00c9tat tant attendu, l\u2019Etat des institutions qui concr\u00e9tise ce pour quoi le peuple syrien s\u2019est r\u00e9volt\u00e9 : la libert\u00e9, la justice et une vie d\u00e9cente.<\/p>\n\n\n\n<p>Les \u00e9v\u00e9nements en cours en Syrie (et ailleurs) ont prouv\u00e9 une fois de plus que les r\u00e9gimes au Pouvoir, avec leurs services de s\u00e9curit\u00e9 et leurs arm\u00e9es, qui ne b\u00e9n\u00e9ficient d\u2019aucun soutien populaire r\u00e9el, sont en v\u00e9rit\u00e9 des r\u00e9gimes faillibles et faibles, quel que soit l\u2019importance de la force arm\u00e9e dont ils se targuent ou du soutien qu\u2019ils puisent des puissances \u00e9trang\u00e8res.<\/p>\n\n\n\n<p>Nous prions pour le salut des \u00e2mes des martyrs et souhaitons aux bless\u00e9s et aux tortur\u00e9s un prompt r\u00e9tablissement et au reste des prisonniers non encore lib\u00e9r\u00e9s ou retrouv\u00e9s un retour proche, sain et sauf parmi leurs familles et leurs foyers. Nous<\/p>\n\n\n\n<p>esp\u00e9rons profond\u00e9ment que le peuple syrien pourra traverser cette phase de transition politique en toute s\u00e9curit\u00e9 et s\u00e9r\u00e9nit\u00e9.<\/p>\n\n\n\n<p>Par ailleurs le Mouvement Rachad condamne l\u2019invasion et l\u2019expansion de l\u2019occupation des terres syriennes par l\u2019entit\u00e9 sioniste, ainsi que son attaque contre les installations militaires syriennes appartenant au peuple syrien, et d\u00e9nonce en m\u00eame temps le silence de la communaut\u00e9 internationale et du Conseil de s\u00e9curit\u00e9 \u00e0 cet \u00e9gard.<\/p>\n\n\n\n<p>Le Mouvement Rachad appelle \u00e0 l\u2019unit\u00e9 compl\u00e8te et intacte du territoire syrien, au respect de la souverainet\u00e9 syrienne sur celui-ci et au retrait de toutes les forces \u00e9trang\u00e8res d\u2019occupation et d\u2019ing\u00e9rence.<\/p>\n\n\n\n<p>Secr\u00e9tariat du Mouvement Rachad<\/p>\n","protected":false},"excerpt":{"rendered":"<p>Hier, le r\u00e9gime criminel en Syrie est tomb\u00e9, pr\u00e9c\u00e9d\u00e9 de la fuite d\u2019 Al-Assad, apr\u00e8s avoir mis sous s\u00e9questre tout un Pays et pris sa destin\u00e9e, pendant pr\u00e8s d\u2019un sombre quart de si\u00e8cle d\u2019injustice et de tyrannie implacable, sur les pas de son d\u00e9funt p\u00e8re criminel, produit d\u2019une suite de coups d\u2019\u00c9tat militaires. En cette [&hellip;]<\/p>\n","protected":false},"author":1,"featured_media":2004,"comment_status":"closed","ping_status":"closed","sticky":false,"template":"","format":"standard","meta":{"footnotes":""},"categories":[2],"tags":[],"class_list":["post-2002","post","type-post","status-publish","format-standard","has-post-thumbnail","hentry","category-communiques"],"_links":{"self":[{"href":"https:\/\/rachad.org\/fr\/index.php?rest_route=\/wp\/v2\/posts\/2002","targetHints":{"allow":["GET"]}}],"collection":[{"href":"https:\/\/rachad.org\/fr\/index.php?rest_route=\/wp\/v2\/posts"}],"about":[{"href":"https:\/\/rachad.org\/fr\/index.php?rest_route=\/wp\/v2\/types\/post"}],"author":[{"embeddable":true,"href":"https:\/\/rachad.org\/fr\/index.php?rest_route=\/wp\/v2\/users\/1"}],"replies":[{"embeddable":true,"href":"https:\/\/rachad.org\/fr\/index.php?rest_route=%2Fwp%2Fv2%2Fcomments&post=2002"}],"version-history":[{"count":1,"href":"https:\/\/rachad.org\/fr\/index.php?rest_route=\/wp\/v2\/posts\/2002\/revisions"}],"predecessor-version":[{"id":2005,"href":"https:\/\/rachad.org\/fr\/index.php?rest_route=\/wp\/v2\/posts\/2002\/revisions\/2005"}],"wp:featuredmedia":[{"embeddable":true,"href":"https:\/\/rachad.org\/fr\/index.php?rest_route=\/wp\/v2\/media\/2004"}],"wp:attachment":[{"href":"https:\/\/rachad.org\/fr\/index.php?rest_route=%2Fwp%2Fv2%2Fmedia&parent=2002"}],"wp:term":[{"taxonomy":"category","embeddable":true,"href":"https:\/\/rachad.org\/fr\/index.php?rest_route=%2Fwp%2Fv2%2Fcategories&post=2002"},{"taxonomy":"post_tag","embeddable":true,"href":"https:\/\/rachad.org\/fr\/index.php?rest_route=%2Fwp%2Fv2%2Ftags&post=2002"}],"curies":[{"name":"wp","href":"https:\/\/api.w.org\/{rel}","templated":true}]}}