{"id":2011,"date":"2025-04-18T00:00:00","date_gmt":"2025-04-17T21:00:00","guid":{"rendered":"https:\/\/rachad.org\/fr\/?p=2011"},"modified":"2025-04-18T04:26:20","modified_gmt":"2025-04-18T01:26:20","slug":"communique-a-loccasion-du-18e-anniversaire-du-mouvement-rachad-vision-et-perseverance","status":"publish","type":"post","link":"https:\/\/rachad.org\/fr\/?p=2011","title":{"rendered":"Communiqu\u00e9 \u00e0 l&#8217;occasion du 18e anniversaire du Mouvement Rachad\u00a0: vision et pers\u00e9v\u00e9rance"},"content":{"rendered":"\n<p>Depuis sa cr\u00e9ation, le Mouvement Rachad a soulign\u00e9 que la domination continue de la politique par les militaires conduit in\u00e9vitablement \u00e0 l&#8217;\u00e9rosion progressive de l&#8217;\u00e9difice de l\u2019Etat alg\u00e9rien, ce qui se manifeste clairement aujourd&#8217;hui par la situation dangereuse dans laquelle les r\u00e9gimes successifs nous ont mis par leurs \u00e9checs dans divers domaines, notamment sur les plans politique, \u00e9conomique, diplomatique ainsi que la s\u00e9curit\u00e9 nationale.<\/p>\n\n\n\n<p>En mati\u00e8re de politique \u00e9trang\u00e8re, la diplomatie alg\u00e9rienne est pass\u00e9e d&#8217;une diplomatie active et influente aux niveaux r\u00e9gional et international \u00e0 une diplomatie atrophi\u00e9e et d\u00e9faillante, au point que le pays est confront\u00e9 \u00e0 des probl\u00e8mes et des menaces le long de presque toutes ses fronti\u00e8res. Ces derni\u00e8res ann\u00e9es, au nord, nous avons assist\u00e9 \u00e0 une relation floue et fluctuante, marqu\u00e9e par l&#8217;improvisation et la recherche d&#8217;int\u00e9r\u00eats particuliers au profit des dignitaires du pouvoir. Aux fronti\u00e8res sud, apr\u00e8s l&#8217;ouverture de l&#8217;espace a\u00e9rien alg\u00e9rien \u00e0 l\u2019aviation militaire fran\u00e7aise, sans restriction, pour intervenir \u00e0 sa guise au nord du Mali; apr\u00e8s avoir laiss\u00e9 &#8211; en \u00e9change d\u2019int\u00e9r\u00eats personnels de pontes du pouvoir &#8211; les \u00c9mirats arabes unis jouer un r\u00f4le toxique dans la r\u00e9gion; apr\u00e8s \u00eatre entr\u00e9 en conflit avec la Russie, pourtant premier fournisseur de l&#8217;arm\u00e9e alg\u00e9rienne; voil\u00e0 que le r\u00e9gime se vante aujourd&#8217;hui d&#8217;avoir abattu un drone fourni par la Turquie au r\u00e9gime malien, alors que la Turquie a d&#8217;\u00e9normes int\u00e9r\u00eats \u00e9conomiques en Alg\u00e9rie, comme si la Turquie ne se souciait pas du poids l&#8217;Alg\u00e9rie, et n&#8217;y voyait qu&#8217;un march\u00e9 \u00e0 conqu\u00e9rir! Quant \u00e0 la fronti\u00e8re ouest, le r\u00e9gime se contente toujours de la politique de l\u2019agitation, ne cherchant pas s\u00e9rieusement \u00e0 r\u00e9soudre la question du Sahara occidental conform\u00e9ment au droit international, au point que la voix de l&#8217;Alg\u00e9rie a diminu\u00e9 \u00e0 un moment o\u00f9 la menace sur cette fronti\u00e8re est devenue r\u00e9elle apr\u00e8s l&#8217;implication du r\u00e9gime marocain du Makhzen dans la politique de normalisation et la pr\u00e9sence de l&#8217;entit\u00e9 sioniste \u00e0 nos fronti\u00e8res !<\/p>\n\n\n\n<p>Faire face \u00e0 cet \u00e9tat d\u00e9plorable requiert une v\u00e9ritable unit\u00e9 nationale fond\u00e9e sur la l\u00e9gitimit\u00e9, la bonne gouvernance et le droit \u00e0 la citoyennet\u00e9. Un \u00c9tat fort ne peut compter que sur sa l\u00e9gitimit\u00e9, ses institutions et l&#8217;unit\u00e9 du peuple pour faire face aux menaces p\u00e9rilleuses. Malheureusement, nous constatons aujourd&#8217;hui que le pouvoir en place a affaibli l&#8217;\u00c9tat alg\u00e9rien en d\u00e9rogeant \u00e0 ces principes, le rendant vuln\u00e9rable aux attaques et aux menaces contre ses int\u00e9r\u00eats vitaux.<\/p>\n\n\n\n<p>Aujourd&#8217;hui, le r\u00e9gime alg\u00e9rien est accus\u00e9 par des pays du Nord comme du Sud de soutenir le terrorisme, alors qu\u2019il a r\u00e9prim\u00e9 tous ceux qui cherchaient \u00e0 d\u00e9noncer ses agissements et \u00e0 exiger un v\u00e9ritable changement en les accusant de \u201cterroristes\u201d de terroristes !<\/p>\n\n\n\n<p>Sur le plan \u00e9conomique, le r\u00e9gime continue dans sa conduite erratique et tente de vendre des illusions au peuple, avec un pr\u00e9sident qui multiplie les faux pas sur les chiffres et promet des mirages tels qu&#8217;un produit national brut de plus de 400 milliards de dollars avant la fin de 2027, des ministres limog\u00e9s apr\u00e8s de courtes p\u00e9riodes, et des d\u00e9cisions contradictoires dans divers domaines tels que l&#8217;importation de voitures ou le prix de la pomme de terre ! Sans entrer dans le d\u00e9tail de ces \u00e9checs, il est clair que la mauvaise situation \u00e9conomique, malgr\u00e9 l&#8217;\u00e9norme potentiel du pays, est le r\u00e9sultat de l&#8217;exclusion et de la marginalisation. L&#8217;Alg\u00e9rie ne se d\u00e9veloppera pas avec des mirages et des discours hallucinatoires, ainsi que l&#8217;intimidation et l&#8217;ali\u00e9nation des talents et des investisseurs, en l&#8217;absence d&#8217;institutions l\u00e9gitimes de l\u00e9gislation, de contr\u00f4le et de r\u00e9gulation.<\/p>\n\n\n\n<p>La situation lamentable de l&#8217;Alg\u00e9rie aujourd&#8217;hui est le r\u00e9sultat direct de la domination des militaires, de leur ing\u00e9rence dans la politique et de l&#8217;absence d\u2019institutions et de m\u00e9canismes de contr\u00f4le d\u00e9mocratique qui les obligeraient \u00e0 ne pas outrepasser leurs pr\u00e9rogatives constitutionnelles. Ce sont en effet les militaires qui choisissent le chef de l&#8217;\u00c9tat, nomment ou recommandent les titulaires des portefeuilles minist\u00e9riels r\u00e9galiens et fixent les lignes rouges des politiques publiques.<\/p>\n\n\n\n<p>Le Mouvement Rachad est bien conscient que certains sbires du pouvoir tenteront de d\u00e9voyer ce constat en le pr\u00e9sentant comme une attaque contre l&#8217;arm\u00e9e ou une tentative de l&#8217;affaiblir. En v\u00e9rit\u00e9, Rachad consid\u00e8re qu&#8217;il est essentiel pour l&#8217;\u00c9tat alg\u00e9rien d&#8217;avoir une arm\u00e9e forte et respect\u00e9e, ainsi que des services de s\u00e9curit\u00e9 efficaces, afin d&#8217;assurer la s\u00e9curit\u00e9 du pays et de ses citoyens. Cela n\u00e9cessite cependant un gouvernement civil l\u00e9gitime d\u00e9terminant les politiques du pays selon la volont\u00e9 populaire. Toutes les exp\u00e9riences historiques ont montr\u00e9 qu&#8217;une arm\u00e9e qui se m\u00eale de politique et d&#8217;argent conduit \u00e0 la destruction et \u00e0 la perte du pays.<\/p>\n\n\n\n<p>Nous consid\u00e9rons, au Mouvement Rachad,&nbsp; qu&#8217;il existe indubitablement des cadres loyaux et comp\u00e9tents dans les diff\u00e9rents appareils de l&#8217;\u00c9tat, qui savent que la seule situation qui leur permette de remplir au mieux leurs fonctions est un syst\u00e8me l\u00e9gitime bas\u00e9 sur des institutions ind\u00e9pendantes et fortes, et que cela ne sera pas possible sous un r\u00e9gime militaire, qui les marginalise et les ali\u00e8ne et permet au n\u00e9potisme et \u00e0 la corruption de prosp\u00e9rer dans le corps de l&#8217;\u00c9tat et d&#8217;en menacer la continuit\u00e9. Le premier crit\u00e8re du r\u00e9gime militaire lors de la s\u00e9lection des fonctionnaires civils est la soumission et l&#8217;asservissement, plut\u00f4t que la comp\u00e9tence, l&#8217;honn\u00eatet\u00e9 et la loyaut\u00e9 envers le pays. La preuve du danger de ce type de r\u00e9gime est le nombre consid\u00e9rable d&#8217;officiers sup\u00e9rieurs aujourd\u2019hui emprisonn\u00e9s : N&#8217;oublions pas que ces personnes \u2013 qu&#8217;elles soient emprisonn\u00e9es \u00e0 juste titre ou pour des r\u00e8glements de compte \u2013 sont celles qui \u00e9taient \u00e0 la t\u00eate des institutions nationales les plus importantes ! Quel sera le sort de ceux qui sont au pouvoir aujourd&#8217;hui et qui peuvent \u00eatre renvers\u00e9s demain dans le m\u00eame climat d&#8217;opacit\u00e9 et d&#8217;absence d&#8217;une justice ind\u00e9pendante et d&#8217;institutions de contr\u00f4le populaire cr\u00e9dibles ?<\/p>\n\n\n\n<p>A l&#8217;occasion de son 18\u00e8me anniversaire, le Mouvement Rachad r\u00e9affirme sa disponibilit\u00e9 \u00e0 \u0153uvrer avec tous ceux qui sont fid\u00e8les \u00e0 la nation pour pr\u00e9server l&#8217;Etat alg\u00e9rien et le sauver des dangers qui le guettent. Le Mouvement Rachad n&#8217;a jamais \u00e9t\u00e9 et ne sera jamais le soutien d&#8217;une quelconque partie, interne ou externe, qui s&#8217;en prend au peuple alg\u00e9rien ou qui porte atteinte aux fondements de l&#8217;Etat alg\u00e9rien. Le Mouvement Rachad reste pr\u00eat \u00e0 contribuer au processus de construction de la n\u00e9cessaire unit\u00e9 nationale et de r\u00e9unification du peuple alg\u00e9rien, mais il n&#8217;acceptera pas les pseudo r\u00e8glements et les manipulations qui ne visent qu&#8217;\u00e0 prolonger la vie du pouvoir actuel, ni n&#8217;h\u00e9sitera \u00e0 d\u00e9noncer et \u00e0 affronter le r\u00e9gime militariste, ni ne s&#8217;engagera dans un processus qui ne vise pas, de mani\u00e8re s\u00e9rieuse et cr\u00e9dible, \u00e0 r\u00e9aliser un Etat civil fond\u00e9 sur la l\u00e9gitimit\u00e9 populaire qui \u00e9pargne \u00e0 notre pays les cons\u00e9quences n\u00e9fastes de la mainmise des militaires sur la vie politique.<\/p>\n\n\n\n<p>Secr\u00e9tariat du Mouvement Rachad<\/p>\n\n\n\n<p>18\/04\/2025<\/p>\n","protected":false},"excerpt":{"rendered":"<p>Depuis sa cr\u00e9ation, le Mouvement Rachad a soulign\u00e9 que la domination continue de la politique par les militaires conduit in\u00e9vitablement \u00e0 l&#8217;\u00e9rosion progressive de l&#8217;\u00e9difice de l\u2019Etat alg\u00e9rien, ce qui se manifeste clairement aujourd&#8217;hui par la situation dangereuse dans laquelle les r\u00e9gimes successifs nous ont mis par leurs \u00e9checs dans divers domaines, notamment sur les [&hellip;]<\/p>\n","protected":false},"author":1,"featured_media":1870,"comment_status":"closed","ping_status":"closed","sticky":false,"template":"","format":"standard","meta":{"footnotes":""},"categories":[2],"tags":[],"class_list":["post-2011","post","type-post","status-publish","format-standard","has-post-thumbnail","hentry","category-communiques"],"_links":{"self":[{"href":"https:\/\/rachad.org\/fr\/index.php?rest_route=\/wp\/v2\/posts\/2011","targetHints":{"allow":["GET"]}}],"collection":[{"href":"https:\/\/rachad.org\/fr\/index.php?rest_route=\/wp\/v2\/posts"}],"about":[{"href":"https:\/\/rachad.org\/fr\/index.php?rest_route=\/wp\/v2\/types\/post"}],"author":[{"embeddable":true,"href":"https:\/\/rachad.org\/fr\/index.php?rest_route=\/wp\/v2\/users\/1"}],"replies":[{"embeddable":true,"href":"https:\/\/rachad.org\/fr\/index.php?rest_route=%2Fwp%2Fv2%2Fcomments&post=2011"}],"version-history":[{"count":1,"href":"https:\/\/rachad.org\/fr\/index.php?rest_route=\/wp\/v2\/posts\/2011\/revisions"}],"predecessor-version":[{"id":2013,"href":"https:\/\/rachad.org\/fr\/index.php?rest_route=\/wp\/v2\/posts\/2011\/revisions\/2013"}],"wp:featuredmedia":[{"embeddable":true,"href":"https:\/\/rachad.org\/fr\/index.php?rest_route=\/wp\/v2\/media\/1870"}],"wp:attachment":[{"href":"https:\/\/rachad.org\/fr\/index.php?rest_route=%2Fwp%2Fv2%2Fmedia&parent=2011"}],"wp:term":[{"taxonomy":"category","embeddable":true,"href":"https:\/\/rachad.org\/fr\/index.php?rest_route=%2Fwp%2Fv2%2Fcategories&post=2011"},{"taxonomy":"post_tag","embeddable":true,"href":"https:\/\/rachad.org\/fr\/index.php?rest_route=%2Fwp%2Fv2%2Ftags&post=2011"}],"curies":[{"name":"wp","href":"https:\/\/api.w.org\/{rel}","templated":true}]}}