{"id":2054,"date":"2025-12-15T13:45:33","date_gmt":"2025-12-15T10:45:33","guid":{"rendered":"https:\/\/rachad.org\/fr\/?p=2054"},"modified":"2025-12-15T15:14:15","modified_gmt":"2025-12-15T12:14:15","slug":"letat-algerien-est-menace-par-un-regime-despotique-defaillant-et-par-des-mouvements-separatistes-soutenus-par-des-puissances-etrangeres","status":"publish","type":"post","link":"https:\/\/rachad.org\/fr\/?p=2054","title":{"rendered":"L\u2019\u00c9tat alg\u00e9rien est menac\u00e9 par un r\u00e9gime despotique d\u00e9faillant et par des tentatives s\u00e9paratistes soutenus par des puissances \u00e9trang\u00e8res."},"content":{"rendered":"\n<p>Le mouvement Rachad condamne et rejette fermement la d\u00e9claration de Farhat Mehenni sur \u00ab l&#8217;ind\u00e9pendance de la Kabylie \u00bb, prononc\u00e9e le 14 d\u00e9cembre 2025, jour que l&#8217;Assembl\u00e9e g\u00e9n\u00e9rale des Nations unies a r\u00e9cemment proclam\u00e9 \u00ab Journ\u00e9e internationale de lutte contre le colonialisme sous toutes ses formes et manifestations \u00bb, lors d&#8217;un \u00e9v\u00e9nement organis\u00e9 dans la capitale de l&#8217;ancienne puissance coloniale. Cette d\u00e9claration constitue un d\u00e9ni flagrant des sacrifices consid\u00e9rables consentis par la Kabylie tout au long de l&#8217;histoire de la lutte nationale pour lib\u00e9rer l&#8217;Alg\u00e9rie unifi\u00e9e du joug colonial.<\/p>\n\n\n\n<p>Les discours extr\u00e9mistes prononc\u00e9s lors de cet \u00e9v\u00e9nement par des responsables du MAK confirment le caract\u00e8re raciste de ce mouvement, qui pr\u00e9tend repr\u00e9senter la r\u00e9gion de Kabylie, laquelle a d\u00e9montr\u00e9 tout au long de son histoire que la majorit\u00e9 de ses habitants sont attach\u00e9s \u00e0 l&#8217;unit\u00e9 nationale et \u00e0 la fraternit\u00e9 entre Alg\u00e9riens.<\/p>\n\n\n\n<p>Rachad consid\u00e8re que le r\u00e9gime politique autoritaire qui gouverne l&#8217;Alg\u00e9rie depuis plus de six d\u00e9cennies porte une responsabilit\u00e9 \u00e9vidente dans la naissance et la d\u00e9rive du MAK. Comment pourrait-il en \u00eatre autrement, alors que ce r\u00e9gime est fond\u00e9 sur la corruption, la marginalisation, l&#8217;indiff\u00e9rence aux injustices subies par les citoyens et \u00e0 leurs revendications l\u00e9gitimes, ainsi que sur une hypercentralisation du pouvoir et des ressources, et repose sur la r\u00e9pression, la confiscation des libert\u00e9s, la diabolisation des opposants et la division des diff\u00e9rentes cat\u00e9gories de la population, afin de s&#8217;accaparer le pouvoir ? La meilleure preuve en est le sabotage de l&#8217;unit\u00e9 nationale par les services de renseignement dans le cadre des conflits entre les factions au sein du r\u00e9gime militaire, comme cela s&#8217;est produit lors des \u00e9v\u00e9nements de Gharda\u00efa en 2013, ainsi que la propagation du discours r\u00e9gionaliste et de la discorde autour du drapeau amazigh lors du Hitak de 2019.<\/p>\n\n\n\n<p>Rachad condamne \u00e9galement les entit\u00e9s connues pour leur hostilit\u00e9 envers l&#8217;Alg\u00e9rie qui soutiennent Ferhat Mehenni, notamment l&#8217;entit\u00e9 sioniste et le r\u00e9gime \u00e9mirati, qui \u0153uvrent \u00e0 la fragmentation des pays de la r\u00e9gion refusant la normalisation et l&#8217;h\u00e9g\u00e9monie, et \u00e0 la saisie de leurs ressources sous pr\u00e9texte de lutte contre le terrorisme, ainsi que le Makhzen marocain et une frange extr\u00e9miste de la classe politique fran\u00e7aise, qui pratiquent une politique de vengeance et de terre br\u00fbl\u00e9e envers l&#8217;Alg\u00e9rie.<\/p>\n\n\n\n<p>Rachad consid\u00e8re que le seul moyen de pr\u00e9server l&#8217;unit\u00e9 du territoire national, du peuple et de l&#8217;\u00c9tat, de contrer le projet de Farhat Mehenni et de ses soutiens \u00e9trangers, et de pr\u00e9venir d&#8217;autres actions extr\u00e9mistes similaires, en particulier dans le sud du pays, est d&#8217;instaurer une v\u00e9ritable d\u00e9mocratie en Alg\u00e9rie dans les plus brefs d\u00e9lais, et d&#8217;un Etat civil fond\u00e9 sur le droit et la bonne gouvernance, ouvert \u00e0 tous les citoyens, leur garantissant libert\u00e9 et dignit\u00e9 et respectant les identit\u00e9s r\u00e9gionales, en harmonie avec l&#8217;identit\u00e9 nationale qui rassemble tous les Alg\u00e9riens.<\/p>\n\n\n\n<p>Secr\u00e9tariat du Mouvement Rachad<\/p>\n\n\n\n<p>15 d\u00e9cembre 2025<\/p>\n","protected":false},"excerpt":{"rendered":"<p>Le mouvement Rachad condamne et rejette fermement la d\u00e9claration de Farhat Mehenni sur \u00ab l&#8217;ind\u00e9pendance de la Kabylie \u00bb, prononc\u00e9e le 14 d\u00e9cembre 2025, jour que l&#8217;Assembl\u00e9e g\u00e9n\u00e9rale des Nations unies a r\u00e9cemment proclam\u00e9 \u00ab Journ\u00e9e internationale de lutte contre le colonialisme sous toutes ses formes et manifestations \u00bb, lors d&#8217;un \u00e9v\u00e9nement organis\u00e9 dans la [&hellip;]<\/p>\n","protected":false},"author":1,"featured_media":2056,"comment_status":"closed","ping_status":"closed","sticky":false,"template":"","format":"standard","meta":{"footnotes":""},"categories":[2],"tags":[],"class_list":["post-2054","post","type-post","status-publish","format-standard","has-post-thumbnail","hentry","category-communiques"],"_links":{"self":[{"href":"https:\/\/rachad.org\/fr\/index.php?rest_route=\/wp\/v2\/posts\/2054","targetHints":{"allow":["GET"]}}],"collection":[{"href":"https:\/\/rachad.org\/fr\/index.php?rest_route=\/wp\/v2\/posts"}],"about":[{"href":"https:\/\/rachad.org\/fr\/index.php?rest_route=\/wp\/v2\/types\/post"}],"author":[{"embeddable":true,"href":"https:\/\/rachad.org\/fr\/index.php?rest_route=\/wp\/v2\/users\/1"}],"replies":[{"embeddable":true,"href":"https:\/\/rachad.org\/fr\/index.php?rest_route=%2Fwp%2Fv2%2Fcomments&post=2054"}],"version-history":[{"count":2,"href":"https:\/\/rachad.org\/fr\/index.php?rest_route=\/wp\/v2\/posts\/2054\/revisions"}],"predecessor-version":[{"id":2058,"href":"https:\/\/rachad.org\/fr\/index.php?rest_route=\/wp\/v2\/posts\/2054\/revisions\/2058"}],"wp:featuredmedia":[{"embeddable":true,"href":"https:\/\/rachad.org\/fr\/index.php?rest_route=\/wp\/v2\/media\/2056"}],"wp:attachment":[{"href":"https:\/\/rachad.org\/fr\/index.php?rest_route=%2Fwp%2Fv2%2Fmedia&parent=2054"}],"wp:term":[{"taxonomy":"category","embeddable":true,"href":"https:\/\/rachad.org\/fr\/index.php?rest_route=%2Fwp%2Fv2%2Fcategories&post=2054"},{"taxonomy":"post_tag","embeddable":true,"href":"https:\/\/rachad.org\/fr\/index.php?rest_route=%2Fwp%2Fv2%2Ftags&post=2054"}],"curies":[{"name":"wp","href":"https:\/\/api.w.org\/{rel}","templated":true}]}}