{"id":98,"date":"2011-08-08T15:14:19","date_gmt":"2011-08-08T12:14:19","guid":{"rendered":"http:\/\/dujanah.com\/fr\/?p=98"},"modified":"2019-04-08T19:28:11","modified_gmt":"2019-04-08T16:28:11","slug":"rachad-se-felicite-de-la-victoire-du-peuple-libyen-sur-le-dictateur-de-tripoli","status":"publish","type":"post","link":"https:\/\/rachad.org\/fr\/?p=98","title":{"rendered":"Rachad se f\u00e9licite de la victoire du peuple libyen sur le dictateur de Tripoli"},"content":{"rendered":"\n\t\t\t\t\n<p>Mouvement Rachad<br>23 ao\u00fbt 2011<\/p>\n\n\n\n<p>Avec la lib\u00e9ration de Bab Al-Azizya, en ce jour b\u00e9ni du mois de Ramadhan, de l&#8217;emprise du r\u00e9gime de Kadhafi, le peuple libyen aura vaincu par sa r\u00e9volution du 17 f\u00e9vrier l&#8217;un des pires dictateurs des temps modernes qui a usurp\u00e9 le pouvoir, humili\u00e9 le peuple pendant plus de quatre d\u00e9cennies, et sem\u00e9 le crime et la corruption dans la terre d&#8217;Al Mokhtar.<\/p>\n\n\n\n<p>Ainsi donc se tourne la page d&#8217;un criminel notoire, comme l&#8217;ont \u00e9t\u00e9 celles des despotes de Tunis et du Caire. La r\u00e9volution libyenne enflamme les sentiments des peuples opprim\u00e9s dans les autres contr\u00e9es arabes sous le joug de la dictature et notamment ceux des r\u00e9volutionnaires du Y\u00e9men et de Syrie.<\/p>\n\n\n\n<p>Rachad a la certitude que le peuple libyen qui a d\u00e9moli un fort symbole du despotisme, saura \u00e9difier une soci\u00e9t\u00e9 de libert\u00e9 et de bonne gouvernance pour tous ses enfants sans exclusive, construire un Etat civil pleinement souverain, et baser ses relations ext\u00e9rieures sur le principe du respect mutuel de la souverainet\u00e9 des Etats et des int\u00e9r\u00eats communs.<\/p>\n\n\n\n<p>La victoire de la r\u00e9volution du 17 f\u00e9vrier, donnera sans doute une forte impulsion \u00e0 la r\u00e9alisation du r\u00eave du \u00ab Grand Maghreb Arab\u00e8re \u00bb cher \u00e0 tous les peuples de la r\u00e9gion.<\/p>\n\n\n\n<p>Secr\u00e9tariat du Mouvement Rachad<\/p>\n\t\t","protected":false},"excerpt":{"rendered":"<p>Mouvement Rachad23 ao\u00fbt 2011 Avec la lib\u00e9ration de Bab Al-Azizya, en ce jour b\u00e9ni du mois de Ramadhan, de l&#8217;emprise du r\u00e9gime de Kadhafi, le peuple libyen aura vaincu par sa r\u00e9volution du 17 f\u00e9vrier l&#8217;un des pires dictateurs des temps modernes qui a usurp\u00e9 le pouvoir, humili\u00e9 le peuple pendant plus de quatre d\u00e9cennies, [&hellip;]<\/p>\n","protected":false},"author":1,"featured_media":0,"comment_status":"closed","ping_status":"closed","sticky":false,"template":"","format":"standard","meta":{"footnotes":""},"categories":[2],"tags":[],"class_list":["post-98","post","type-post","status-publish","format-standard","hentry","category-communiques"],"_links":{"self":[{"href":"https:\/\/rachad.org\/fr\/index.php?rest_route=\/wp\/v2\/posts\/98","targetHints":{"allow":["GET"]}}],"collection":[{"href":"https:\/\/rachad.org\/fr\/index.php?rest_route=\/wp\/v2\/posts"}],"about":[{"href":"https:\/\/rachad.org\/fr\/index.php?rest_route=\/wp\/v2\/types\/post"}],"author":[{"embeddable":true,"href":"https:\/\/rachad.org\/fr\/index.php?rest_route=\/wp\/v2\/users\/1"}],"replies":[{"embeddable":true,"href":"https:\/\/rachad.org\/fr\/index.php?rest_route=%2Fwp%2Fv2%2Fcomments&post=98"}],"version-history":[{"count":0,"href":"https:\/\/rachad.org\/fr\/index.php?rest_route=\/wp\/v2\/posts\/98\/revisions"}],"wp:attachment":[{"href":"https:\/\/rachad.org\/fr\/index.php?rest_route=%2Fwp%2Fv2%2Fmedia&parent=98"}],"wp:term":[{"taxonomy":"category","embeddable":true,"href":"https:\/\/rachad.org\/fr\/index.php?rest_route=%2Fwp%2Fv2%2Fcategories&post=98"},{"taxonomy":"post_tag","embeddable":true,"href":"https:\/\/rachad.org\/fr\/index.php?rest_route=%2Fwp%2Fv2%2Ftags&post=98"}],"curies":[{"name":"wp","href":"https:\/\/api.w.org\/{rel}","templated":true}]}}